{"id":129,"date":"2020-12-20T12:08:15","date_gmt":"2020-12-20T11:08:15","guid":{"rendered":"https:\/\/www.ciberpucela.com\/wp1\/?p=129"},"modified":"2022-03-05T11:00:52","modified_gmt":"2022-03-05T10:00:52","slug":"eclipse-total-de-sol-espana-12-agosto-2026","status":"publish","type":"post","link":"https:\/\/www.ciberpucela.com\/wp1\/2020\/12\/20\/eclipse-total-de-sol-espana-12-agosto-2026\/","title":{"rendered":"Imperdible, el Gran Eclipse en Espa\u00f1a en 2026."},"content":{"rendered":"<p>[et_pb_section fb_built=\u00bb1&#8243; _builder_version=\u00bb4.7.7&#8243; min_height=\u00bb532px\u00bb custom_margin=\u00bb||-60px|||\u00bb global_colors_info=\u00bb{}\u00bb][et_pb_row column_structure=\u00bb1_2,1_2&#8243; _builder_version=\u00bb4.7.7&#8243; min_height=\u00bb493.9px\u00bb custom_margin=\u00bb|auto|-157px|auto||\u00bb global_colors_info=\u00bb{}\u00bb][et_pb_column type=\u00bb1_2&#8243; _builder_version=\u00bb4.7.7&#8243; global_colors_info=\u00bb{}\u00bb][et_pb_image src=\u00bbhttps:\/\/www.ciberpucela.com\/wp1\/wp-content\/uploads\/2020\/12\/eclipse.jpg\u00bb title_text=\u00bbeclipse\u00bb _builder_version=\u00bb4.7.7&#8243; animation_style=\u00bbroll\u00bb global_colors_info=\u00bb{}\u00bb][\/et_pb_image][et_pb_text _builder_version=\u00bb4.7.7&#8243; text_font_size=\u00bb19px\u00bb custom_margin=\u00bb||33px|||\u00bb custom_padding=\u00bb||0px|||\u00bb global_colors_info=\u00bb{}\u00bb]<\/p>\n<p style=\"text-align: justify;\">\n<p>&nbsp;<\/p>\n<p>[\/et_pb_text][\/et_pb_column][et_pb_column type=\u00bb1_2&#8243; _builder_version=\u00bb4.7.7&#8243; global_colors_info=\u00bb{}\u00bb][et_pb_text _builder_version=\u00bb4.7.7&#8243; global_colors_info=\u00bb{}\u00bb]<\/p>\n<p class=\"entry-title\" style=\"text-align: justify;\">Con motivo del Eclipse total de Sol Espa\u00f1a 12 Agosto 2026, por f\u00edn me animo a crear mi primera entrada al blog. En este caso llevo ya muchos a\u00f1os sabiendo la fecha del\u00a0Eclipse total del 2026 (bueno no en todo el pa\u00eds, pero sin en una buena parte del mismo.<\/p>\n<h3 style=\"text-align: justify;\">\u00bfQue es un eclipse?<\/h3>\n<p style=\"text-align: justify;\">Lo primero que voy a definir es \u00bfqu\u00e9 es un eclipse? Pues siendo breve un eclipse es la ocultaci\u00f3n total o parcial de un astro por otro que se interpone en nuestra l\u00ednea visual.<\/p>\n<h3 style=\"text-align: justify;\">\u00bfQue son los tr\u00e1nsitos?<\/h3>\n<p style=\"text-align: justify;\">Tambi\u00e9n existen los tr\u00e1nsitos, que son como los eclipses pero nunca cubren totalmente al astro del fondo, sino que habitualmente cubren una muy peque\u00f1a parte. T\u00edpicos tr\u00e1nsitos observables desde la Tierra son aquellos que producen Mercurio o Venus sobre el disco solar.<\/p>\n<p style=\"text-align: justify;\">Cabe se\u00f1alar que los astr\u00f3nomos ha d\u00eda de hoy llevan descubiertos miles de exoplanetas midiendo la variaci\u00f3n de la luz de las estrellas, al hacerlo buscan una pauta repetitiva y as\u00ed deducir que es por el tr\u00e1nsito de un planeta sobre su estrella.<\/p>\n<p style=\"text-align: justify;\">Pero en el caso que nos ocupa es nuestro sat\u00e9lite natural \u00abla Luna\u00bb la que se interpone entre el Sol y la Tierra.<\/p>\n<p>[\/et_pb_text][\/et_pb_column][\/et_pb_row][et_pb_row column_structure=\u00bb1_2,1_2&#8243; _builder_version=\u00bb4.7.7&#8243; custom_padding=\u00bb75px|||||\u00bb global_colors_info=\u00bb{}\u00bb][et_pb_column type=\u00bb1_2&#8243; _builder_version=\u00bb4.7.7&#8243; global_colors_info=\u00bb{}\u00bb][et_pb_text _builder_version=\u00bb4.7.7&#8243; global_colors_info=\u00bb{}\u00bb]<\/p>\n<h3 style=\"text-align: justify;\">\u00bfSuele haber muchos eclipses?<\/h3>\n<p style=\"text-align: justify;\">Lo que no sabe el p\u00fablico en general es que habitualmente en el mundo se producen entre 2 y 3 eclipses de Sol y de Luna cada a\u00f1o.<\/p>\n<p style=\"text-align: justify;\">En el gr\u00e1fico contiguo se pueden ver los eclipses calculados desde el a\u00f1o 2020 hasta el 2030.<\/p>\n<p style=\"text-align: justify;\">Para calcular el gr\u00e1fico us\u00e9 un programa antiguo llamado <a href=\"https:\/\/ericbt.com\/astronomylab2\" target=\"_blank\" rel=\"noopener noreferrer\">AstronomyLab\u00a0<\/a>el cual con lo poco que pesa ofrece una gran variedad de c\u00e1lculos astron\u00f3micos, as\u00ed como un sencillo simulador que permite comprobar los eventos calculados.<\/p>\n<p>.<\/p>\n<p>[\/et_pb_text][\/et_pb_column][et_pb_column type=\u00bb1_2&#8243; _builder_version=\u00bb4.7.7&#8243; global_colors_info=\u00bb{}\u00bb][et_pb_image src=\u00bbhttps:\/\/www.ciberpucela.com\/wp1\/wp-content\/uploads\/2020\/12\/ecl_20_30.png\u00bb title_text=\u00bbecl_20_30&#8243; _builder_version=\u00bb4.7.7&#8243; animation_style=\u00bbfold\u00bb global_colors_info=\u00bb{}\u00bb][\/et_pb_image][\/et_pb_column][\/et_pb_row][et_pb_row _builder_version=\u00bb4.7.7&#8243; global_colors_info=\u00bb{}\u00bb][et_pb_column type=\u00bb4_4&#8243; _builder_version=\u00bb4.7.7&#8243; global_colors_info=\u00bb{}\u00bb][et_pb_text _builder_version=\u00bb4.7.7&#8243; global_colors_info=\u00bb{}\u00bb]<\/p>\n<p style=\"text-align: justify;\">El programa tambien crea informes con predicciones de eclipses de Luna y eclipses de Sol.<\/p>\n<p style=\"text-align: justify;\">Se puede observar en el informe de la derecha el eclipse total de Sol Espa\u00f1a 12 Agosto 2026.<\/p>\n<h3 style=\"text-align: justify;\">Informes de Astronomy Lab:<\/h3>\n<p>[\/et_pb_text][\/et_pb_column][\/et_pb_row][et_pb_row column_structure=\u00bb1_2,1_2&#8243; _builder_version=\u00bb4.7.7&#8243; global_colors_info=\u00bb{}\u00bb][et_pb_column type=\u00bb1_2&#8243; _builder_version=\u00bb4.7.7&#8243; global_colors_info=\u00bb{}\u00bb][et_pb_text _builder_version=\u00bb4.7.7&#8243; width=\u00bb100%\u00bb module_alignment=\u00bbleft\u00bb custom_margin=\u00bb||6px||false|true\u00bb custom_padding=\u00bb||||true|true\u00bb border_radii=\u00bbon|1px|1px|1px|1px\u00bb border_width_all=\u00bb3px\u00bb border_color_all=\u00bb#ffffff\u00bb border_style_all=\u00bbgroove\u00bb box_shadow_style=\u00bbpreset2&#8243; global_colors_info=\u00bb{}\u00bb]<\/p>\n<p><span style=\"color: #800000;\"><strong>Valladolid, Espa\u00f1a Latitude: 41\u00b039&#8217;09\u00bb N Longitude: 4\u00b043&#8217;43\u00bb W<\/strong><\/span><br \/> <span style=\"color: #800000;\"><strong>Local Time = UT + 2,00 hours Elevation: 700 meters<\/strong><\/span><\/p>\n<p><span style=\"color: #800000;\"><strong>Lunar Eclipse Report for 2026<\/strong><\/span><\/p>\n<p><span style=\"color: #800000;\"><strong>\u00a0<\/strong><\/span><\/p>\n<p><span style=\"color: #800000;\"><strong>Lunar eclipse on 03\/03\/2026<\/strong><\/span><br \/> <span style=\"color: #800000;\"><strong>Moon rise: 20:27<\/strong><\/span><br \/> <span style=\"color: #800000;\"><strong>Moon set: 8:48<\/strong><\/span><br \/> <span style=\"color: #800000;\"><strong>Magnitude: 1,15<\/strong><\/span><br \/> <span style=\"color: #800000;\"><strong>Partial phase begins: 11:55<\/strong><\/span><br \/> <span style=\"color: #800000;\"><strong>Total phase begins: 13:09<\/strong><\/span><br \/> <span style=\"color: #800000;\"><strong>Time of maximum eclipse: 13:38<\/strong><\/span><br \/> <span style=\"color: #800000;\"><strong>Total phase ends: 14:07<\/strong><\/span><br \/> <span style=\"color: #800000;\"><strong>Partial phase ends: 15:21<\/strong><\/span><\/p>\n<p><span style=\"color: #800000;\"><strong>\u00a0<\/strong><\/span><\/p>\n<p><span style=\"color: #800000;\"><strong>Lunar eclipse on 28\/08\/2026<\/strong><\/span><br \/> <span style=\"color: #800000;\"><strong>Moon rise: 21:07<\/strong><\/span><br \/> <span style=\"color: #800000;\"><strong>Moon set: 7:50<\/strong><\/span><br \/> <span style=\"color: #800000;\"><strong>Magnitude: 0,93<\/strong><\/span><br \/> <span style=\"color: #800000;\"><strong>Partial phase begins: 4:34<\/strong><\/span><br \/> <span style=\"color: #800000;\"><strong>Time of maximum eclipse: 6:12<\/strong><\/span><br \/> <span style=\"color: #800000;\"><strong>Partial phase ends: 7:51<\/strong><\/span><\/p>\n<p><span style=\"color: #800000;\"><strong><\/strong><\/span><\/p>\n<p><span style=\"color: #800000;\"><strong><\/strong><\/span><\/p>\n<p><span style=\"color: #800000;\"><strong><\/strong><\/span><\/p>\n<p>[\/et_pb_text][\/et_pb_column][et_pb_column type=\u00bb1_2&#8243; _builder_version=\u00bb4.7.7&#8243; global_colors_info=\u00bb{}\u00bb][et_pb_text _builder_version=\u00bb4.7.7&#8243; width=\u00bb100%\u00bb module_alignment=\u00bbleft\u00bb custom_margin=\u00bb||6px||false|true\u00bb custom_padding=\u00bb||||true|true\u00bb border_radii=\u00bbon|1px|1px|1px|1px\u00bb border_width_all=\u00bb3px\u00bb border_color_all=\u00bb#ffffff\u00bb border_style_all=\u00bbgroove\u00bb box_shadow_style=\u00bbpreset2&#8243; global_colors_info=\u00bb{}\u00bb]<\/p>\n<p style=\"text-align: justify;\"><span style=\"color: #800000;\"><strong>Valladolid, Espa\u00f1a Latitude: 41\u00b039&#8217;09\u00bb N Longitude: 4\u00b043&#8217;43\u00bb W<\/strong><\/span><br \/><span style=\"color: #800000;\"> <strong> Local Time = UT + 2,00 hours Elevation: 700 meters<\/strong><\/span><\/p>\n<p style=\"text-align: justify;\"><span style=\"color: #800000;\"><strong>Solar Eclipse Report for 2026<\/strong><\/span><\/p>\n<p style=\"text-align: justify;\"><span style=\"color: #800000;\"><strong>\u00a0<\/strong><\/span><\/p>\n<p style=\"text-align: justify;\"><span style=\"color: #800000;\"><strong>Solar eclipse on 17\/02\/2026<\/strong><\/span><br \/><span style=\"color: #800000;\"> <strong> Sun rise: 9:12<\/strong><\/span><br \/><span style=\"color: #800000;\"> <strong> Sun set: 19:55<\/strong><\/span><br \/><span style=\"color: #800000;\"> <strong> Time of maximum eclipse: 14:14<\/strong><\/span><br \/><span style=\"color: #800000;\"> <strong> Eclipse is annular<\/strong><\/span><br \/><span style=\"color: #800000;\"> <strong> Eclipse is visible in the southern hemisphere<\/strong><\/span><\/p>\n<p style=\"text-align: justify;\"><span style=\"color: #800000;\"><strong>\u00a0<\/strong><\/span><\/p>\n<p style=\"text-align: justify;\"><span style=\"color: #800000;\"><strong>Solar eclipse on 12\/08\/2026<\/strong><\/span><br \/><span style=\"color: #800000;\"> <strong> Sun rise: 7:24<\/strong><\/span><br \/><span style=\"color: #800000;\"> <strong> Sun set: 21:23<\/strong><\/span><br \/><span style=\"color: #800000;\"> <strong> Time of maximum eclipse: 19:50<\/strong><\/span><br \/><span style=\"color: #800000;\"> <strong> Eclipse is total<\/strong><\/span><br \/><span style=\"color: #800000;\"> <strong> Eclipse is visible in the northern hemisphere<\/strong><\/span><\/p>\n<p style=\"text-align: justify;\"><span style=\"color: #800000;\"><strong>The time of maximum eclipse (above) does not necessarily specify when the<\/strong><\/span><br \/><span style=\"color: #800000;\"> <strong> eclipse will be maximal when viewed from the specified location.<\/strong><\/span><\/p>\n<p style=\"text-align: justify;\"><span style=\"color: #800000;\"><strong>To see how the eclipse will look at the specified location, run a<\/strong><\/span><br \/><span style=\"color: #800000;\"> <strong> Planetarium movie of the eclipse.<\/strong><\/span><\/p>\n<p>[\/et_pb_text][\/et_pb_column][\/et_pb_row][et_pb_row column_structure=\u00bb1_2,1_2&#8243; _builder_version=\u00bb4.7.7&#8243; global_colors_info=\u00bb{}\u00bb][et_pb_column type=\u00bb1_2&#8243; _builder_version=\u00bb4.7.7&#8243; global_colors_info=\u00bb{}\u00bb][et_pb_image src=\u00bbhttps:\/\/www.ciberpucela.com\/wp1\/wp-content\/uploads\/2020\/12\/list_ecl_20_30.png\u00bb title_text=\u00bblist_ecl_20_30&#8243; align=\u00bbcenter\u00bb _builder_version=\u00bb4.7.7&#8243; transform_scale=\u00bb95%|95%\u00bb animation_style=\u00bbfold\u00bb global_colors_info=\u00bb{}\u00bb][\/et_pb_image][et_pb_text _builder_version=\u00bb4.7.7&#8243; text_font_size=\u00bb19px\u00bb custom_margin=\u00bb||33px|||\u00bb custom_padding=\u00bb||0px|||\u00bb global_colors_info=\u00bb{}\u00bb]<\/p>\n<p style=\"text-align: justify;\">\n<p>&nbsp;<\/p>\n<p>[\/et_pb_text][\/et_pb_column][et_pb_column type=\u00bb1_2&#8243; _builder_version=\u00bb4.7.7&#8243; global_colors_info=\u00bb{}\u00bb][et_pb_text _builder_version=\u00bb4.7.7&#8243; global_colors_info=\u00bb{}\u00bb]<\/p>\n<h3 style=\"text-align: justify;\"><a href=\"http:\/\/www.kotenmon.com\/cal\/emapwin_eng.htm\" target=\"_blank\" rel=\"noopener noreferrer\">Emapwin.<\/a><\/h3>\n<p style=\"text-align: justify;\">De todos modos lo interesante viene con otro programa un poco mas reciente y creo que gratuito, del autor\u00a0Shinobu Takesako al que hay que agradecer su creaci\u00f3n y el hecho de que no sea de pago. El programa se llama <a href=\"http:\/\/www.kotenmon.com\/cal\/emapwin_eng.htm\" target=\"_blank\" rel=\"noopener noreferrer\">Emapwin <\/a>y est\u00e1 especializado en el c\u00e1lculo de eclipses y sus trayectorias sobre el globo terrestre.<\/p>\n<p style=\"text-align: justify;\">En el listado adjunto se ven los eclipses de Sol calculados desde el 2020 hasta el 2030.<\/p>\n<p style=\"text-align: justify;\">En la parte inferior podemos ver lo que nos interesa, un gr\u00e1fico del globo terrestre en el que se muestran los continentes y una representaci\u00f3n de la trayectoria del eclipse del 12 de Agosto de 2026.<\/p>\n<p style=\"text-align: justify;\">Observando el gr\u00e1fico se deducen varias cosas:<\/p>\n<ul>\n<li style=\"text-align: justify;\">la trayectoria es fundamentalmente polar, lo que implica que la sombra proyectada ser\u00e1 muy el\u00edptica.<\/li>\n<li style=\"text-align: justify;\">Las \u00e1reas pobladas que podr\u00e1n disfrutar del eclipse total son principalmente Espa\u00f1a, extremo occidental de Islandia, una peque\u00f1a zona de Siberia y Groenlandia.<\/li>\n<li style=\"text-align: justify;\">El eclipse como parcial ser\u00e1 observable en toda Europa, Norteam\u00e9rica, parte occidental de \u00c1frica y norte de Asia.<\/li>\n<\/ul>\n<p>[\/et_pb_text][\/et_pb_column][\/et_pb_row][et_pb_row _builder_version=\u00bb4.7.7&#8243; global_colors_info=\u00bb{}\u00bb][et_pb_column type=\u00bb4_4&#8243; _builder_version=\u00bb4.7.7&#8243; global_colors_info=\u00bb{}\u00bb][et_pb_text _builder_version=\u00bb4.7.7&#8243; global_colors_info=\u00bb{}\u00bb]<\/p>\n<ul>\n<li style=\"text-align: justify;\">La leyenda en la esquina superior izquierda indica que el punto central del eclipse est\u00e1 muy proximo a Islandia. Este ser\u00e1 el punto en el que el eclipse estar\u00e1 mas alto en el horizonte y la sombra adem\u00e1s sera la menos estirada de toda la trayectoria teniendo un di\u00e1metro mayor de 293 kms.<\/li>\n<li style=\"text-align: justify;\">Las l\u00ednea moradas delimitan la zona de la totalidad, y las amarillas delimintan los porcentajes de parcialidad en bandas del 20%.<\/li>\n<li style=\"text-align: justify;\">Se observa calaramente que este eclipse total de Sol Espa\u00f1a 12 Agosto 2026 recorrer\u00e1 el tercio norte de Espa\u00f1a desde Oviedo hasta concluir en el ocaso en las ilslas Baleares.<\/li>\n<\/ul>\n<p>[\/et_pb_text][\/et_pb_column][\/et_pb_row][et_pb_row _builder_version=\u00bb4.7.7&#8243; global_colors_info=\u00bb{}\u00bb][et_pb_column type=\u00bb4_4&#8243; _builder_version=\u00bb4.7.7&#8243; global_colors_info=\u00bb{}\u00bb][et_pb_image src=\u00bbhttps:\/\/www.ciberpucela.com\/wp1\/wp-content\/uploads\/2020\/12\/globo-total.jpg\u00bb title_text=\u00bbglobo total\u00bb align=\u00bbcenter\u00bb _builder_version=\u00bb4.7.7&#8243; transform_scale=\u00bb95%|95%\u00bb animation_style=\u00bbfold\u00bb global_colors_info=\u00bb{}\u00bb][\/et_pb_image][\/et_pb_column][\/et_pb_row][et_pb_row _builder_version=\u00bb4.7.7&#8243; global_colors_info=\u00bb{}\u00bb][et_pb_column type=\u00bb4_4&#8243; _builder_version=\u00bb4.7.7&#8243; global_colors_info=\u00bb{}\u00bb][et_pb_text _builder_version=\u00bb4.7.7&#8243; global_colors_info=\u00bb{}\u00bb]<\/p>\n<p>Detalle de Islandia.\u00a0 Punto grueso en l\u00ednea roja indica la parte central del eclipse.<\/p>\n<p>[\/et_pb_text][\/et_pb_column][\/et_pb_row][et_pb_row _builder_version=\u00bb4.7.7&#8243; animation_style=\u00bbfold\u00bb global_colors_info=\u00bb{}\u00bb][et_pb_column type=\u00bb4_4&#8243; _builder_version=\u00bb4.7.7&#8243; global_colors_info=\u00bb{}\u00bb][et_pb_image src=\u00bbhttps:\/\/www.ciberpucela.com\/wp1\/wp-content\/uploads\/2020\/12\/islandia.jpg\u00bb title_text=\u00bbislandia\u00bb align=\u00bbcenter\u00bb _builder_version=\u00bb4.7.7&#8243; global_colors_info=\u00bb{}\u00bb][\/et_pb_image][et_pb_text _builder_version=\u00bb4.7.7&#8243; min_height=\u00bb58.4px\u00bb global_colors_info=\u00bb{}\u00bb]<\/p>\n<p style=\"text-align: justify;\">Detalle de Espa\u00f1a.\u00a0 Se puede observar que la sombra barrera el tercio norte Espa\u00f1a, dejando fuera algunas zonas de Galicia, Castilla y Le\u00f3n, pa\u00eds Vasco, Arag\u00f3n y Catalu\u00f1a. El eclipse coincidir\u00e1 con la puesta de Sol en las Baleares.<\/p>\n<p style=\"text-align: justify;\">\n<p>[\/et_pb_text][et_pb_image src=\u00bbhttps:\/\/www.ciberpucela.com\/wp1\/wp-content\/uploads\/2020\/12\/Norte-Espana.jpg\u00bb title_text=\u00bbNorte Espa\u00f1a\u00bb align=\u00bbcenter\u00bb _builder_version=\u00bb4.7.7&#8243; animation_style=\u00bbfold\u00bb global_colors_info=\u00bb{}\u00bb][\/et_pb_image][\/et_pb_column][\/et_pb_row][et_pb_row _builder_version=\u00bb4.7.7&#8243; global_colors_info=\u00bb{}\u00bb][et_pb_column type=\u00bb4_4&#8243; _builder_version=\u00bb4.7.7&#8243; global_colors_info=\u00bb{}\u00bb][et_pb_text _builder_version=\u00bb4.7.7&#8243; global_colors_info=\u00bb{}\u00bb]<\/p>\n<p style=\"text-align: justify;\">Con el programa he generado las siguientes im\u00e1genes:<\/p>\n<p>[\/et_pb_text][\/et_pb_column][\/et_pb_row][et_pb_row _builder_version=\u00bb4.7.7&#8243; global_colors_info=\u00bb{}\u00bb][et_pb_column type=\u00bb4_4&#8243; _builder_version=\u00bb4.7.7&#8243; global_colors_info=\u00bb{}\u00bb][et_pb_gallery gallery_ids=\u00bb140,141,138&#8243; fullwidth=\u00bbon\u00bb _builder_version=\u00bb4.7.7&#8243; animation_style=\u00bbfold\u00bb global_colors_info=\u00bb{}\u00bb][\/et_pb_gallery][\/et_pb_column][\/et_pb_row][et_pb_row _builder_version=\u00bb4.7.7&#8243; global_colors_info=\u00bb{}\u00bb][et_pb_column type=\u00bb4_4&#8243; _builder_version=\u00bb4.7.7&#8243; global_colors_info=\u00bb{}\u00bb][et_pb_text _builder_version=\u00bb4.7.7&#8243; global_colors_info=\u00bb{}\u00bb]<\/p>\n<h3 style=\"text-align: justify;\">Valladolid:<\/h3>\n<p style=\"text-align: justify;\">De todo lo anterior se puede deducir que desde Valladolid se puede ver (si la climatolog\u00eda no lo impide) perfectamente el eclipse total con una duraci\u00f3n de aproximadamente 91 segundos.<\/p>\n<p style=\"text-align: justify;\">Buscando por internet he encontrado m\u00e1s recursos \u00fatiles para comprobar ubicaciones y he llegado a las siguientes conclusiones:<\/p>\n<ul>\n<li style=\"text-align: justify;\">No tenemos necesidad de irnos de Pucela para ver el eclipse.<\/li>\n<li style=\"text-align: justify;\">El lugar mas cercano a Valladolid, r\u00e1pido (autov\u00eda de Burgos) y pr\u00f3ximo a la l\u00ednea central (m\u00e1xima duraci\u00f3n del eclipse) ser\u00eda la localidad de Pampliega, esto nos dar\u00eda 105 segundos en total, 14 segs m\u00e1s de eclipse que en Valladolid. Por eso en mi opini\u00f3n no vale la pena desplazarse a no ser que se est\u00e9 cerca.<\/li>\n<li style=\"text-align: justify;\">Luego creo que el lugar m\u00e1s septentrional de la pen\u00ednsula ib\u00e9rica en el que empezar\u00e1 el eclipse cerca de la l\u00ednea central es la localidad Asturiana de Caroyas , en la cual el eclipse durar\u00e1 109 segundos. Y que a no ser que por vacaciones o casualidad estemos cerca, tampoco valdr\u00eda la pena hacer el viaje.<\/li>\n<\/ul>\n<p>A continuaci\u00f3n muestro los enlaces a las p\u00e1ginas encontradas d\u00eda de hoy e im\u00e1genes que muestran de lo que he estado comentando:<\/p>\n<p><a href=\"https:\/\/eclipse.gsfc.nasa.gov\/SEgoogle\/SEgoogle2001\/SE2026Aug12Tgoogle.html\" target=\"_blank\" rel=\"noopener noreferrer\" style=\"font-size: 14px;\">NASA<\/a><\/p>\n<p><a href=\"http:\/\/xjubier.free.fr\/en\/site_pages\/solar_eclipses\/TSE_2026_GoogleMapFull.html?Lat=38.52226&amp;Lng=-7.17906&amp;Zoom=5&amp;LC=1\" target=\"_blank\" rel=\"noopener noreferrer\">http:\/\/xjubier.free.fr\/<\/a><\/p>\n<p><a href=\"https:\/\/www.timeanddate.com\/eclipse\/map\/2026-august-12\" target=\"_blank\" rel=\"noopener noreferrer\">https:\/\/www.timeanddate.com\/eclipse\/map\/2026-august-12<\/a><\/p>\n<p>&nbsp;<\/p>\n<p>[\/et_pb_text][\/et_pb_column][\/et_pb_row][et_pb_row _builder_version=\u00bb4.7.7&#8243; custom_margin=\u00bb||-30px||false|false\u00bb global_colors_info=\u00bb{}\u00bb][et_pb_column type=\u00bb4_4&#8243; _builder_version=\u00bb4.7.7&#8243; global_colors_info=\u00bb{}\u00bb][et_pb_text _builder_version=\u00bb4.7.7&#8243; global_colors_info=\u00bb{}\u00bb]<\/p>\n<p style=\"text-align: justify;\">Valladolid:<\/p>\n<p style=\"text-align: justify;\">Como se puede observar en las 3 im\u00e1genes aparece un tabla en el centro con datos del eclipse. La hora \u00abTime\u00bb es en UT \u00abUniversal Time\u00bb, pero como presumiblemente habremos cambiado a horario de verano, tendremos que sumar 2 horas (GTM +2) por lo que el eclipse desde Valladolid empezar\u00e1 a las 19:34:20 y terminar\u00e1 con la puesta de Sol, por eso pone SET y no C4 a las 21:20. Las l\u00edneas C2 y C3 delimitan la fase de totalidad del eclipse que abarca desde las 20:29:39 a las 20:31:10, total 91 segundos.<\/p>\n<p>[\/et_pb_text][\/et_pb_column][\/et_pb_row][et_pb_row _builder_version=\u00bb4.7.7&#8243; global_colors_info=\u00bb{}\u00bb][et_pb_column type=\u00bb4_4&#8243; _builder_version=\u00bb4.7.7&#8243; global_colors_info=\u00bb{}\u00bb][et_pb_gallery gallery_ids=\u00bb142,143,144&#8243; fullwidth=\u00bbon\u00bb _builder_version=\u00bb4.7.7&#8243; animation_style=\u00bbfold\u00bb global_colors_info=\u00bb{}\u00bb][\/et_pb_gallery][\/et_pb_column][\/et_pb_row][et_pb_row column_structure=\u00bb1_2,1_2&#8243; _builder_version=\u00bb4.7.7&#8243; custom_margin=\u00bb||-32px||false|false\u00bb global_colors_info=\u00bb{}\u00bb][et_pb_column type=\u00bb1_2&#8243; _builder_version=\u00bb4.7.7&#8243; global_colors_info=\u00bb{}\u00bb][et_pb_text _builder_version=\u00bb4.7.7&#8243; global_colors_info=\u00bb{}\u00bb]<\/p>\n<h3>Pampliega:<\/h3>\n<p>[\/et_pb_text][\/et_pb_column][et_pb_column type=\u00bb1_2&#8243; _builder_version=\u00bb4.7.7&#8243; global_colors_info=\u00bb{}\u00bb][et_pb_text _builder_version=\u00bb4.7.7&#8243; global_colors_info=\u00bb{}\u00bb]<\/p>\n<h3>Caroyas:<\/h3>\n<p>[\/et_pb_text][\/et_pb_column][\/et_pb_row][et_pb_row column_structure=\u00bb1_2,1_2&#8243; _builder_version=\u00bb4.7.7&#8243; global_colors_info=\u00bb{}\u00bb][et_pb_column type=\u00bb1_2&#8243; _builder_version=\u00bb4.7.7&#8243; global_colors_info=\u00bb{}\u00bb][et_pb_gallery gallery_ids=\u00bb154,155,156&#8243; fullwidth=\u00bbon\u00bb _builder_version=\u00bb4.7.7&#8243; animation_style=\u00bbfold\u00bb global_colors_info=\u00bb{}\u00bb][\/et_pb_gallery][\/et_pb_column][et_pb_column type=\u00bb1_2&#8243; _builder_version=\u00bb4.7.7&#8243; global_colors_info=\u00bb{}\u00bb][et_pb_gallery gallery_ids=\u00bb135,136,137&#8243; fullwidth=\u00bbon\u00bb _builder_version=\u00bb4.7.7&#8243; animation_style=\u00bbfold\u00bb global_colors_info=\u00bb{}\u00bb][\/et_pb_gallery][\/et_pb_column][\/et_pb_row][et_pb_row _builder_version=\u00bb4.7.7&#8243; custom_margin=\u00bb||-30px||false|false\u00bb global_colors_info=\u00bb{}\u00bb][et_pb_column type=\u00bb4_4&#8243; _builder_version=\u00bb4.7.7&#8243; global_colors_info=\u00bb{}\u00bb][et_pb_text _builder_version=\u00bb4.7.7&#8243; global_colors_info=\u00bb{}\u00bb]<\/p>\n<h3 style=\"text-align: justify;\">Madrid:<\/h3>\n<p style=\"text-align: justify;\">Se observa que Madrid Capital se queda fuera de la totalkidad del eclipse en su mayor parte. Quedando zonas del norte de Madrid dentro del \u00e1rea de visibilidad como el Aeropuerto de Madrid Barajas, San Sebasti\u00e1n de los Reyes, Alcobendas, Paracuellos del Jarama y todos los pueblos m\u00e1s al Norte.<\/p>\n<p>[\/et_pb_text][\/et_pb_column][\/et_pb_row][et_pb_row _builder_version=\u00bb4.7.7&#8243; global_colors_info=\u00bb{}\u00bb][et_pb_column type=\u00bb4_4&#8243; _builder_version=\u00bb4.7.7&#8243; global_colors_info=\u00bb{}\u00bb][et_pb_gallery gallery_ids=\u00bb149&#8243; fullwidth=\u00bbon\u00bb _builder_version=\u00bb4.7.7&#8243; global_colors_info=\u00bb{}\u00bb][\/et_pb_gallery][\/et_pb_column][\/et_pb_row][et_pb_row _builder_version=\u00bb4.7.7&#8243; global_colors_info=\u00bb{}\u00bb][et_pb_column type=\u00bb4_4&#8243; _builder_version=\u00bb4.7.7&#8243; global_colors_info=\u00bb{}\u00bb][et_pb_text _builder_version=\u00bb4.7.7&#8243; global_colors_info=\u00bb{}\u00bb]<\/p>\n<h3 style=\"text-align: justify;\"><a href=\"#bottom\" target=\"_blank\" rel=\"noopener noreferrer\">Stellarium<\/a>.<\/h3>\n<p style=\"text-align: justify;\">Quiero recomendar un simulador gratuito llamado <a href=\"https:\/\/stellarium.org\/es\/\" target=\"_blank\" rel=\"noopener noreferrer\">stellarium<\/a>, tiene un calidad excelente, nos podemos situar en cualquier parte del mundo a observar, o incluso desde alguna posici\u00f3n de una larga lista de cuerpos del sistema solar. Es gratuito y lo recomiendo. Ahora os muestro un par de videos simulando el eclipse desde Pucela.<\/p>\n<p>[\/et_pb_text][et_pb_video src=\u00bbhttps:\/\/www.youtube.com\/watch?v=xlRcmBCOlNU\u00bb _builder_version=\u00bb4.7.7&#8243; global_colors_info=\u00bb{}\u00bb][\/et_pb_video][\/et_pb_column][\/et_pb_row][et_pb_row column_structure=\u00bb1_2,1_2&#8243; _builder_version=\u00bb4.7.7&#8243; global_colors_info=\u00bb{}\u00bb][et_pb_column type=\u00bb1_2&#8243; _builder_version=\u00bb4.7.7&#8243; global_colors_info=\u00bb{}\u00bb][et_pb_text _builder_version=\u00bb4.7.7&#8243; global_colors_info=\u00bb{}\u00bb]<\/p>\n<p style=\"text-align: justify;\">Ahora os muestro un video en el que con\u00a0<a href=\"https:\/\/stellarium.org\/es\/\" target=\"_blank\" rel=\"noopener noreferrer\">stellarium<\/a>, observamos desde la Luna, la sombra de ella misma sobre la Tierra. Como puede observarse la sombra es muy difusa, y esto es debido a las irregularidades de las superficies de los 3 astros involucrados. Tambien como mencion\u00e9 al principio se ve que la trayectoria es polar y por tanto la sombra muy extensa y obl\u00edcua; ser\u00eda mucho mas precisa si hubiese afectado a zonas mas ecuatoriales.<\/p>\n<p>[\/et_pb_text][et_pb_video src=\u00bbhttps:\/\/www.ciberpucela.com\/wp1\/wp-content\/uploads\/2021\/01\/stellarium_sombra_high.mp4&#8243; _builder_version=\u00bb4.7.7&#8243; width=\u00bb100%\u00bb module_alignment=\u00bbcenter\u00bb custom_margin=\u00bb|111px||||\u00bb global_colors_info=\u00bb{}\u00bb][\/et_pb_video][\/et_pb_column][et_pb_column type=\u00bb1_2&#8243; _builder_version=\u00bb4.7.7&#8243; global_colors_info=\u00bb{}\u00bb][et_pb_image src=\u00bbhttps:\/\/eclipse.gsfc.nasa.gov\/SEanimate\/SEanimate2001\/SE2026Aug12T.GIF\u00bb align=\u00bbcenter\u00bb force_fullwidth=\u00bbon\u00bb _builder_version=\u00bb4.7.7&#8243; global_colors_info=\u00bb{}\u00bb][\/et_pb_image][et_pb_text _builder_version=\u00bb4.7.7&#8243; global_colors_info=\u00bb{}\u00bb]<\/p>\n<p>Trayectoria de la sombra mostrada en esta animaci\u00f3n de la NASA.<\/p>\n<p>[\/et_pb_text][\/et_pb_column][\/et_pb_row][et_pb_row _builder_version=\u00bb4.7.7&#8243; background_color=\u00bb#ffffff\u00bb animation_style=\u00bbroll\u00bb global_colors_info=\u00bb{}\u00bb][et_pb_column type=\u00bb4_4&#8243; _builder_version=\u00bb4.7.7&#8243; global_colors_info=\u00bb{}\u00bb][et_pb_text _builder_version=\u00bb4.7.7&#8243; global_colors_info=\u00bb{}\u00bb]<\/p>\n<h3 style=\"text-align: justify;\"><b style=\"color: #ff0000;\">ADVERTENCIAS DE SEGURIDAD:<\/b><\/h3>\n<h4 style=\"text-align: justify;\"><b style=\"color: #ff0000;\">Por \u00faltimo y para que no quede ninguna duda, quiero informar que es OBLIGATORIO usar medidas de protecci\u00f3n ocular a la hora de observar el Sol y los eclipses. En <\/b><span color=\"#ff0000\" style=\"color: #ff0000;\"><b>\u00f3pticas<\/b><\/span><b style=\"color: #ff0000;\">\u00a0y en tiendas de venta de telescopios binoculares etc., te podr\u00e1n suministrar filtros y gafas homologados, tanto para tus ojos como para tus instrumentos \u00f3pticos. Tened respeto al Sol, es un astro muy energ\u00e9tico, y nos podemos quemar los ojos o incluso perder la vista permanentemente. No me hago responsable de las consecuencias de accidentes derivados de la informaci\u00f3n de est\u00e1 p\u00e1gina; desde luego los ni\u00f1os deber\u00e1n ver el eclipse con medios adecuados y supervisados por adultos.<\/b><\/h4>\n<h4 style=\"text-align: justify;\"><b style=\"color: #ff0000;\">Otra recomendaci\u00f3n es buscar una localizaci\u00f3n con el horizonte lo mas despejado posible. evitar valles, y edificios. Espero os haya gustado este <\/b><span color=\"#ff0000\" style=\"color: #ff0000;\"><b>art\u00edculo<\/b><\/span><b style=\"color: #ff0000;\">\u00a0y espero que <\/b><span color=\"#ff0000\" style=\"color: #ff0000;\"><b>teng\u00e1is<\/b><\/span><b style=\"color: #ff0000;\"> una buena observaci\u00f3n.<\/b><\/h4>\n<p>[\/et_pb_text][\/et_pb_column][\/et_pb_row][et_pb_row _builder_version=\u00bb4.7.7&#8243; global_colors_info=\u00bb{}\u00bb][et_pb_column type=\u00bb4_4&#8243; _builder_version=\u00bb4.7.7&#8243; global_colors_info=\u00bb{}\u00bb][et_pb_text _builder_version=\u00bb4.7.7&#8243; global_colors_info=\u00bb{}\u00bb]<\/p>\n<p style=\"text-align: justify;\"><strong>Para ver mas art\u00edculos en mi <a href=\"https:\/\/www.ciberpucela.com\/wp1\/\" title=\"Blog de celestinox\">blog<\/a> puedes navegar por los men\u00fas o ir al dominio principal. Espero os guste.<\/strong><\/p>\n<p>[\/et_pb_text][\/et_pb_column][\/et_pb_row][\/et_pb_section][et_pb_section fb_built=\u00bb1&#8243; _builder_version=\u00bb3.23.3&#8243; global_colors_info=\u00bb{}\u00bb][et_pb_row _builder_version=\u00bb3.25&#8243; global_colors_info=\u00bb{}\u00bb][et_pb_column type=\u00bb4_4&#8243; _builder_version=\u00bb3.25&#8243; custom_padding=\u00bb|||\u00bb global_colors_info=\u00bb{}\u00bb custom_padding__hover=\u00bb|||\u00bb][et_pb_comments _builder_version=\u00bb4.13.0&#8243; background_color=\u00bb#d2edf9&#8243; custom_button=\u00bbon\u00bb button_text_color=\u00bb#0400f0&#8243; button_bg_color=\u00bb#ffffff\u00bb button_border_color=\u00bb#0400f0&#8243; button_border_radius=\u00bb36px\u00bb button_font=\u00bb||||||||\u00bb button_icon=\u00bb&#xe106;||divi||400&#8243; button_icon_color=\u00bb#0400f0&#8243; global_colors_info=\u00bb{}\u00bb][\/et_pb_comments][\/et_pb_column][\/et_pb_row][\/et_pb_section]<\/p>\n","protected":false},"excerpt":{"rendered":"<p>&nbsp;Con motivo del Eclipse total de Sol Espa\u00f1a 12 Agosto 2026, por f\u00edn me animo a crear mi primera entrada al blog. En este caso llevo ya muchos a\u00f1os sabiendo la fecha del\u00a0Eclipse total del 2026 (bueno no en todo el pa\u00eds, pero sin en una buena parte del mismo. \u00bfQue es un eclipse? Lo [&hellip;]<\/p>\n","protected":false},"author":1,"featured_media":1194,"comment_status":"open","ping_status":"closed","sticky":true,"template":"","format":"standard","meta":{"_et_pb_use_builder":"on","_et_pb_old_content":"","_et_gb_content_width":"793","_monsterinsights_skip_tracking":false,"_monsterinsights_sitenote_active":false,"_monsterinsights_sitenote_note":"","_monsterinsights_sitenote_category":0,"footnotes":""},"categories":[28],"tags":[65,71,70,67,69,68,66],"class_list":["post-129","post","type-post","status-publish","format-standard","has-post-thumbnail","hentry","category-astronomia","tag-espana-eclipse-total-2026","tag-madrid-eclipse-total-12-agosto-2026","tag-madrid-eclipse-total-2026","tag-pucela-eclipse-total-2026","tag-total-eclipse-spain-2026","tag-valladolid-eclipse-total-12-agosto-2026","tag-valladolid-eclipse-total-2026"],"yoast_head":"<!-- This site is optimized with the Yoast SEO plugin v25.8 - https:\/\/yoast.com\/wordpress\/plugins\/seo\/ -->\r\n<title>Imperdible, el Gran Eclipse en Espa\u00f1a en 2026. - Blog personal de Celes<\/title>\r\n<meta name=\"description\" content=\"Los eclipses de Sol en Espa\u00f1a son escasos, tendremos que aprovechar el pr\u00f3ximo eclipse total de Sol en 2026, y hacer planes para verlo.\" \/>\r\n<meta name=\"robots\" content=\"index, follow, max-snippet:-1, max-image-preview:large, max-video-preview:-1\" \/>\r\n<link rel=\"canonical\" href=\"https:\/\/www.ciberpucela.com\/wp1\/2020\/12\/20\/eclipse-total-de-sol-espana-12-agosto-2026\/\" \/>\r\n<meta property=\"og:locale\" content=\"es_ES\" \/>\r\n<meta property=\"og:type\" content=\"article\" \/>\r\n<meta property=\"og:title\" content=\"Imperdible, el Gran Eclipse en Espa\u00f1a en 2026. - Blog personal de Celes\" \/>\r\n<meta property=\"og:description\" content=\"Los eclipses de Sol en Espa\u00f1a son escasos, tendremos que aprovechar el pr\u00f3ximo eclipse total de Sol en 2026, y hacer planes para verlo.\" \/>\r\n<meta property=\"og:url\" content=\"https:\/\/www.ciberpucela.com\/wp1\/2020\/12\/20\/eclipse-total-de-sol-espana-12-agosto-2026\/\" \/>\r\n<meta property=\"og:site_name\" content=\"Blog personal de Celes\" \/>\r\n<meta property=\"article:published_time\" content=\"2020-12-20T11:08:15+00:00\" \/>\r\n<meta property=\"article:modified_time\" content=\"2022-03-05T10:00:52+00:00\" \/>\r\n<meta property=\"og:image\" content=\"https:\/\/www.ciberpucela.com\/wp1\/wp-content\/uploads\/2020\/12\/eclipseconiconoalcentro.png\" \/>\r\n\t<meta property=\"og:image:width\" content=\"525\" \/>\r\n\t<meta property=\"og:image:height\" content=\"432\" \/>\r\n\t<meta property=\"og:image:type\" content=\"image\/png\" \/>\r\n<meta name=\"author\" content=\"celestinox\" \/>\r\n<meta name=\"twitter:card\" content=\"summary_large_image\" \/>\r\n<meta name=\"twitter:label1\" content=\"Escrito por\" \/>\n\t<meta name=\"twitter:data1\" content=\"celestinox\" \/>\n\t<meta name=\"twitter:label2\" content=\"Tiempo de lectura\" \/>\n\t<meta name=\"twitter:data2\" content=\"9 minutos\" \/>\r\n<script type=\"application\/ld+json\" class=\"yoast-schema-graph\">{\"@context\":\"https:\/\/schema.org\",\"@graph\":[{\"@type\":\"NewsArticle\",\"@id\":\"https:\/\/www.ciberpucela.com\/wp1\/2020\/12\/20\/eclipse-total-de-sol-espana-12-agosto-2026\/#article\",\"isPartOf\":{\"@id\":\"https:\/\/www.ciberpucela.com\/wp1\/2020\/12\/20\/eclipse-total-de-sol-espana-12-agosto-2026\/\"},\"author\":{\"name\":\"celestinox\",\"@id\":\"https:\/\/www.ciberpucela.com\/wp1\/#\/schema\/person\/db76506132774573ea3f62456de71a20\"},\"headline\":\"Imperdible, el Gran Eclipse en Espa\u00f1a en 2026.\",\"datePublished\":\"2020-12-20T11:08:15+00:00\",\"dateModified\":\"2022-03-05T10:00:52+00:00\",\"mainEntityOfPage\":{\"@id\":\"https:\/\/www.ciberpucela.com\/wp1\/2020\/12\/20\/eclipse-total-de-sol-espana-12-agosto-2026\/\"},\"wordCount\":2977,\"commentCount\":0,\"publisher\":{\"@id\":\"https:\/\/www.ciberpucela.com\/wp1\/#\/schema\/person\/db76506132774573ea3f62456de71a20\"},\"image\":{\"@id\":\"https:\/\/www.ciberpucela.com\/wp1\/2020\/12\/20\/eclipse-total-de-sol-espana-12-agosto-2026\/#primaryimage\"},\"thumbnailUrl\":\"https:\/\/www.ciberpucela.com\/wp1\/wp-content\/uploads\/2020\/12\/eclipseconiconoalcentro.png\",\"keywords\":[\"Espa\u00f1a eclipse total 2026\",\"Madrid eclipse total 12 Agosto 2026\",\"Madrid eclipse total 2026\",\"Pucela eclipse total 2026\",\"Total eclipse Spain 2026\",\"Valladolid eclipse total 12 Agosto 2026\",\"Valladolid eclipse total 2026\"],\"articleSection\":[\"Astronom\u00eda\"],\"inLanguage\":\"es\",\"potentialAction\":[{\"@type\":\"CommentAction\",\"name\":\"Comment\",\"target\":[\"https:\/\/www.ciberpucela.com\/wp1\/2020\/12\/20\/eclipse-total-de-sol-espana-12-agosto-2026\/#respond\"]}]},{\"@type\":[\"WebPage\",\"ItemPage\"],\"@id\":\"https:\/\/www.ciberpucela.com\/wp1\/2020\/12\/20\/eclipse-total-de-sol-espana-12-agosto-2026\/\",\"url\":\"https:\/\/www.ciberpucela.com\/wp1\/2020\/12\/20\/eclipse-total-de-sol-espana-12-agosto-2026\/\",\"name\":\"Imperdible, el Gran Eclipse en Espa\u00f1a en 2026. - Blog personal de Celes\",\"isPartOf\":{\"@id\":\"https:\/\/www.ciberpucela.com\/wp1\/#website\"},\"primaryImageOfPage\":{\"@id\":\"https:\/\/www.ciberpucela.com\/wp1\/2020\/12\/20\/eclipse-total-de-sol-espana-12-agosto-2026\/#primaryimage\"},\"image\":{\"@id\":\"https:\/\/www.ciberpucela.com\/wp1\/2020\/12\/20\/eclipse-total-de-sol-espana-12-agosto-2026\/#primaryimage\"},\"thumbnailUrl\":\"https:\/\/www.ciberpucela.com\/wp1\/wp-content\/uploads\/2020\/12\/eclipseconiconoalcentro.png\",\"datePublished\":\"2020-12-20T11:08:15+00:00\",\"dateModified\":\"2022-03-05T10:00:52+00:00\",\"description\":\"Los eclipses de Sol en Espa\u00f1a son escasos, tendremos que aprovechar el pr\u00f3ximo eclipse total de Sol en 2026, y hacer planes para verlo.\",\"breadcrumb\":{\"@id\":\"https:\/\/www.ciberpucela.com\/wp1\/2020\/12\/20\/eclipse-total-de-sol-espana-12-agosto-2026\/#breadcrumb\"},\"inLanguage\":\"es\",\"potentialAction\":[{\"@type\":\"ReadAction\",\"target\":[\"https:\/\/www.ciberpucela.com\/wp1\/2020\/12\/20\/eclipse-total-de-sol-espana-12-agosto-2026\/\"]}]},{\"@type\":\"ImageObject\",\"inLanguage\":\"es\",\"@id\":\"https:\/\/www.ciberpucela.com\/wp1\/2020\/12\/20\/eclipse-total-de-sol-espana-12-agosto-2026\/#primaryimage\",\"url\":\"https:\/\/www.ciberpucela.com\/wp1\/wp-content\/uploads\/2020\/12\/eclipseconiconoalcentro.png\",\"contentUrl\":\"https:\/\/www.ciberpucela.com\/wp1\/wp-content\/uploads\/2020\/12\/eclipseconiconoalcentro.png\",\"width\":525,\"height\":432,\"caption\":\"eclipseconiconoalcentro\"},{\"@type\":\"BreadcrumbList\",\"@id\":\"https:\/\/www.ciberpucela.com\/wp1\/2020\/12\/20\/eclipse-total-de-sol-espana-12-agosto-2026\/#breadcrumb\",\"itemListElement\":[{\"@type\":\"ListItem\",\"position\":1,\"name\":\"Portada\",\"item\":\"https:\/\/www.ciberpucela.com\/wp1\/\"},{\"@type\":\"ListItem\",\"position\":2,\"name\":\"Imperdible, el Gran Eclipse en Espa\u00f1a en 2026.\"}]},{\"@type\":\"WebSite\",\"@id\":\"https:\/\/www.ciberpucela.com\/wp1\/#website\",\"url\":\"https:\/\/www.ciberpucela.com\/wp1\/\",\"name\":\"Blog personal de Celes\",\"description\":\"Blog personal de Celes\",\"publisher\":{\"@id\":\"https:\/\/www.ciberpucela.com\/wp1\/#\/schema\/person\/db76506132774573ea3f62456de71a20\"},\"potentialAction\":[{\"@type\":\"SearchAction\",\"target\":{\"@type\":\"EntryPoint\",\"urlTemplate\":\"https:\/\/www.ciberpucela.com\/wp1\/?s={search_term_string}\"},\"query-input\":{\"@type\":\"PropertyValueSpecification\",\"valueRequired\":true,\"valueName\":\"search_term_string\"}}],\"inLanguage\":\"es\"},{\"@type\":[\"Person\",\"Organization\"],\"@id\":\"https:\/\/www.ciberpucela.com\/wp1\/#\/schema\/person\/db76506132774573ea3f62456de71a20\",\"name\":\"celestinox\",\"image\":{\"@type\":\"ImageObject\",\"inLanguage\":\"es\",\"@id\":\"https:\/\/www.ciberpucela.com\/wp1\/#\/schema\/person\/image\/\",\"url\":\"https:\/\/secure.gravatar.com\/avatar\/9a7eb901956c578fe8254a191105722c46fc2c3921e17503db4259769e7c9a3c?s=96&d=retro&r=g\",\"contentUrl\":\"https:\/\/secure.gravatar.com\/avatar\/9a7eb901956c578fe8254a191105722c46fc2c3921e17503db4259769e7c9a3c?s=96&d=retro&r=g\",\"caption\":\"celestinox\"},\"logo\":{\"@id\":\"https:\/\/www.ciberpucela.com\/wp1\/#\/schema\/person\/image\/\"}}]}<\/script>\r\n<!-- \/ Yoast SEO plugin. -->","yoast_head_json":{"title":"Imperdible, el Gran Eclipse en Espa\u00f1a en 2026. - Blog personal de Celes","description":"Los eclipses de Sol en Espa\u00f1a son escasos, tendremos que aprovechar el pr\u00f3ximo eclipse total de Sol en 2026, y hacer planes para verlo.","robots":{"index":"index","follow":"follow","max-snippet":"max-snippet:-1","max-image-preview":"max-image-preview:large","max-video-preview":"max-video-preview:-1"},"canonical":"https:\/\/www.ciberpucela.com\/wp1\/2020\/12\/20\/eclipse-total-de-sol-espana-12-agosto-2026\/","og_locale":"es_ES","og_type":"article","og_title":"Imperdible, el Gran Eclipse en Espa\u00f1a en 2026. - Blog personal de Celes","og_description":"Los eclipses de Sol en Espa\u00f1a son escasos, tendremos que aprovechar el pr\u00f3ximo eclipse total de Sol en 2026, y hacer planes para verlo.","og_url":"https:\/\/www.ciberpucela.com\/wp1\/2020\/12\/20\/eclipse-total-de-sol-espana-12-agosto-2026\/","og_site_name":"Blog personal de Celes","article_published_time":"2020-12-20T11:08:15+00:00","article_modified_time":"2022-03-05T10:00:52+00:00","og_image":[{"width":525,"height":432,"url":"https:\/\/www.ciberpucela.com\/wp1\/wp-content\/uploads\/2020\/12\/eclipseconiconoalcentro.png","type":"image\/png"}],"author":"celestinox","twitter_card":"summary_large_image","twitter_misc":{"Escrito por":"celestinox","Tiempo de lectura":"9 minutos"},"schema":{"@context":"https:\/\/schema.org","@graph":[{"@type":"NewsArticle","@id":"https:\/\/www.ciberpucela.com\/wp1\/2020\/12\/20\/eclipse-total-de-sol-espana-12-agosto-2026\/#article","isPartOf":{"@id":"https:\/\/www.ciberpucela.com\/wp1\/2020\/12\/20\/eclipse-total-de-sol-espana-12-agosto-2026\/"},"author":{"name":"celestinox","@id":"https:\/\/www.ciberpucela.com\/wp1\/#\/schema\/person\/db76506132774573ea3f62456de71a20"},"headline":"Imperdible, el Gran Eclipse en Espa\u00f1a en 2026.","datePublished":"2020-12-20T11:08:15+00:00","dateModified":"2022-03-05T10:00:52+00:00","mainEntityOfPage":{"@id":"https:\/\/www.ciberpucela.com\/wp1\/2020\/12\/20\/eclipse-total-de-sol-espana-12-agosto-2026\/"},"wordCount":2977,"commentCount":0,"publisher":{"@id":"https:\/\/www.ciberpucela.com\/wp1\/#\/schema\/person\/db76506132774573ea3f62456de71a20"},"image":{"@id":"https:\/\/www.ciberpucela.com\/wp1\/2020\/12\/20\/eclipse-total-de-sol-espana-12-agosto-2026\/#primaryimage"},"thumbnailUrl":"https:\/\/www.ciberpucela.com\/wp1\/wp-content\/uploads\/2020\/12\/eclipseconiconoalcentro.png","keywords":["Espa\u00f1a eclipse total 2026","Madrid eclipse total 12 Agosto 2026","Madrid eclipse total 2026","Pucela eclipse total 2026","Total eclipse Spain 2026","Valladolid eclipse total 12 Agosto 2026","Valladolid eclipse total 2026"],"articleSection":["Astronom\u00eda"],"inLanguage":"es","potentialAction":[{"@type":"CommentAction","name":"Comment","target":["https:\/\/www.ciberpucela.com\/wp1\/2020\/12\/20\/eclipse-total-de-sol-espana-12-agosto-2026\/#respond"]}]},{"@type":["WebPage","ItemPage"],"@id":"https:\/\/www.ciberpucela.com\/wp1\/2020\/12\/20\/eclipse-total-de-sol-espana-12-agosto-2026\/","url":"https:\/\/www.ciberpucela.com\/wp1\/2020\/12\/20\/eclipse-total-de-sol-espana-12-agosto-2026\/","name":"Imperdible, el Gran Eclipse en Espa\u00f1a en 2026. - Blog personal de Celes","isPartOf":{"@id":"https:\/\/www.ciberpucela.com\/wp1\/#website"},"primaryImageOfPage":{"@id":"https:\/\/www.ciberpucela.com\/wp1\/2020\/12\/20\/eclipse-total-de-sol-espana-12-agosto-2026\/#primaryimage"},"image":{"@id":"https:\/\/www.ciberpucela.com\/wp1\/2020\/12\/20\/eclipse-total-de-sol-espana-12-agosto-2026\/#primaryimage"},"thumbnailUrl":"https:\/\/www.ciberpucela.com\/wp1\/wp-content\/uploads\/2020\/12\/eclipseconiconoalcentro.png","datePublished":"2020-12-20T11:08:15+00:00","dateModified":"2022-03-05T10:00:52+00:00","description":"Los eclipses de Sol en Espa\u00f1a son escasos, tendremos que aprovechar el pr\u00f3ximo eclipse total de Sol en 2026, y hacer planes para verlo.","breadcrumb":{"@id":"https:\/\/www.ciberpucela.com\/wp1\/2020\/12\/20\/eclipse-total-de-sol-espana-12-agosto-2026\/#breadcrumb"},"inLanguage":"es","potentialAction":[{"@type":"ReadAction","target":["https:\/\/www.ciberpucela.com\/wp1\/2020\/12\/20\/eclipse-total-de-sol-espana-12-agosto-2026\/"]}]},{"@type":"ImageObject","inLanguage":"es","@id":"https:\/\/www.ciberpucela.com\/wp1\/2020\/12\/20\/eclipse-total-de-sol-espana-12-agosto-2026\/#primaryimage","url":"https:\/\/www.ciberpucela.com\/wp1\/wp-content\/uploads\/2020\/12\/eclipseconiconoalcentro.png","contentUrl":"https:\/\/www.ciberpucela.com\/wp1\/wp-content\/uploads\/2020\/12\/eclipseconiconoalcentro.png","width":525,"height":432,"caption":"eclipseconiconoalcentro"},{"@type":"BreadcrumbList","@id":"https:\/\/www.ciberpucela.com\/wp1\/2020\/12\/20\/eclipse-total-de-sol-espana-12-agosto-2026\/#breadcrumb","itemListElement":[{"@type":"ListItem","position":1,"name":"Portada","item":"https:\/\/www.ciberpucela.com\/wp1\/"},{"@type":"ListItem","position":2,"name":"Imperdible, el Gran Eclipse en Espa\u00f1a en 2026."}]},{"@type":"WebSite","@id":"https:\/\/www.ciberpucela.com\/wp1\/#website","url":"https:\/\/www.ciberpucela.com\/wp1\/","name":"Blog personal de Celes","description":"Blog personal de Celes","publisher":{"@id":"https:\/\/www.ciberpucela.com\/wp1\/#\/schema\/person\/db76506132774573ea3f62456de71a20"},"potentialAction":[{"@type":"SearchAction","target":{"@type":"EntryPoint","urlTemplate":"https:\/\/www.ciberpucela.com\/wp1\/?s={search_term_string}"},"query-input":{"@type":"PropertyValueSpecification","valueRequired":true,"valueName":"search_term_string"}}],"inLanguage":"es"},{"@type":["Person","Organization"],"@id":"https:\/\/www.ciberpucela.com\/wp1\/#\/schema\/person\/db76506132774573ea3f62456de71a20","name":"celestinox","image":{"@type":"ImageObject","inLanguage":"es","@id":"https:\/\/www.ciberpucela.com\/wp1\/#\/schema\/person\/image\/","url":"https:\/\/secure.gravatar.com\/avatar\/9a7eb901956c578fe8254a191105722c46fc2c3921e17503db4259769e7c9a3c?s=96&d=retro&r=g","contentUrl":"https:\/\/secure.gravatar.com\/avatar\/9a7eb901956c578fe8254a191105722c46fc2c3921e17503db4259769e7c9a3c?s=96&d=retro&r=g","caption":"celestinox"},"logo":{"@id":"https:\/\/www.ciberpucela.com\/wp1\/#\/schema\/person\/image\/"}}]}},"_links":{"self":[{"href":"https:\/\/www.ciberpucela.com\/wp1\/wp-json\/wp\/v2\/posts\/129","targetHints":{"allow":["GET"]}}],"collection":[{"href":"https:\/\/www.ciberpucela.com\/wp1\/wp-json\/wp\/v2\/posts"}],"about":[{"href":"https:\/\/www.ciberpucela.com\/wp1\/wp-json\/wp\/v2\/types\/post"}],"author":[{"embeddable":true,"href":"https:\/\/www.ciberpucela.com\/wp1\/wp-json\/wp\/v2\/users\/1"}],"replies":[{"embeddable":true,"href":"https:\/\/www.ciberpucela.com\/wp1\/wp-json\/wp\/v2\/comments?post=129"}],"version-history":[{"count":109,"href":"https:\/\/www.ciberpucela.com\/wp1\/wp-json\/wp\/v2\/posts\/129\/revisions"}],"predecessor-version":[{"id":2148,"href":"https:\/\/www.ciberpucela.com\/wp1\/wp-json\/wp\/v2\/posts\/129\/revisions\/2148"}],"wp:featuredmedia":[{"embeddable":true,"href":"https:\/\/www.ciberpucela.com\/wp1\/wp-json\/wp\/v2\/media\/1194"}],"wp:attachment":[{"href":"https:\/\/www.ciberpucela.com\/wp1\/wp-json\/wp\/v2\/media?parent=129"}],"wp:term":[{"taxonomy":"category","embeddable":true,"href":"https:\/\/www.ciberpucela.com\/wp1\/wp-json\/wp\/v2\/categories?post=129"},{"taxonomy":"post_tag","embeddable":true,"href":"https:\/\/www.ciberpucela.com\/wp1\/wp-json\/wp\/v2\/tags?post=129"}],"curies":[{"name":"wp","href":"https:\/\/api.w.org\/{rel}","templated":true}]}}